{"id":2431,"date":"2021-04-07T14:00:33","date_gmt":"2021-04-07T12:00:33","guid":{"rendered":"https:\/\/guestbook-magazine.eu\/?p=2431"},"modified":"2021-04-09T10:35:18","modified_gmt":"2021-04-09T08:35:18","slug":"caroline-senecal","status":"publish","type":"post","link":"https:\/\/guestbook-magazine.eu\/en\/watch\/opera-lab\/caroline-senecal\/","title":{"rendered":"Caroline S\u00e9n\u00e9cal"},"content":{"rendered":"<div class=\"lazyblock-opera-lab-1XXdun wp-block-lazyblock-opera-lab\"><div class=\"authorNames small\">\n<div class=\"lazyblock-add-authors-1jwmG4 wp-block-lazyblock-add-authors\"><div class=\"authorNames\">\nFotografie: Caroline S\u00e9n\u00e9cal \/ Text:   <a href=\"https:\/\/guestbook-magazine.eu\/en\/author\/Lena-Barkovic\">Lena Barkovic<\/a><!-- second author area -->\n  <\/div><\/div>\n<\/div>\n<div class=\"row\" style=\"margin-top: 180px;\">\n    <div class=\"col-md-6 col-12 p-0\">\n        <div class=\"firstText\">\n          <h1><b>\u201eNacktheit ist eine sehr starke Ausdrucksform\u201c<\/b><\/h1>\n<p><span style=\"font-weight: 400;\">Heutzutage gibt es wahnsinnig viele Frauenbilder, die sexualisiert werden. F\u00fcr mich war es immer schwer mich mit diesen Bildern zu identifizieren. Aus diesem Grund m\u00f6chte ich meine Sicht auf den weiblichen K\u00f6rper und darstellen und welche Bedeutung er f\u00fcr mich hat. <\/span><\/p>\n<h2><b>Eine starke Ausdrucksform<\/b><\/h2>\n<p><span style=\"font-weight: 400;\">Nacktheit ist eine sehr starke und authentische Ausdrucksform. Einen Akt zu fotografieren bedeutet die Person zu verstehen und so zu zeigen, wie sie oder er wirklich sind. <\/span><span style=\"font-weight: 400;\">Ich m\u00f6chte eine besondere Form der Freiheit zeigen. Die Freiheit nackt zu sein und uns selbst so zu lieben, wie wir sind<\/span><span style=\"font-weight: 400;\">. Weit weg von Photoshop und all den fiktiven und unrealistischen K\u00f6rpern.<\/span><\/p>\n<h2><b>Der Freiraum, man selbst zu sein<\/b><\/h2>\n<p><span style=\"font-weight: 400;\">Meine Aktprojekte entstehen mit dem Model, sie bauen sich um den Menschen herum auf. Dabei versuche ich ihnen den Freiraum zu geben, sie selbst zu sein. Manon Sabatier begleitet mich seit Beginn des Projekts und gibt mir Sicherheit, dass sie mir vertraut.<\/span><\/p>\n<p>\u00a0<\/p>\n        <\/div>\n    <\/div>\n    <div class=\"col-md-6 col-12 p-0\" style=\"border-left: 1px solid black; border-bottom: 1px solid black\">\n      <img decoding=\"async\" class=\"w-100 img-fluid\" src=\"https:\/\/guestbook-magazine.eu\/wp-content\/uploads\/Bildschirmfoto-2020-03-06-um-09.40.04-1.png\" alt=\"\">\n      <div class=\"imageDesc\"><\/div>\n    <\/div>\n<\/div>\n<div class=\"row\">\n    <div class=\"col-md-6 col-12 p-0\" style=\"border-right: 1px solid black; border-bottom: 1px solid black\">\n        <img decoding=\"async\" class=\"w-100 img-fluid\" src=\"https:\/\/guestbook-magazine.eu\/wp-content\/uploads\/Bildschirmfoto-2020-03-06-um-09.40.17-2.png\" alt=\"\">\n        <div class=\"imageDesc\"><\/div>\n    <\/div>\n    <div class=\"col-md-6 col-12 p-0\">\n        <div class=\"secondText\">\n          <h2><b>Die Einbindung des Anderen<\/b><\/h2>\n<p><span style=\"font-weight: 400;\">Portraitfotografie ist Teamarbeit, weil es dabei immer ein Gegen\u00fcber gibt<\/span><span style=\"font-weight: 400;\">. Es macht mir Spa\u00df f\u00fcr mich selbst die Projekte zu planen, aber am Ende brauche ich doch Leute, die im Schaffungsprozess involviert sind. Au\u00dferdem vertraue ich ganz auf Menschen wie Cl\u00e9mence Lavinge, die mir assistieren. Sie ist meine Freundin, kennt das Moodboard und welche Art der Lichtgestaltung mir gef\u00e4llt. Ihre Unterst\u00fctzung hilft mir mich voll und ganz auf das Shooting und die Interaktion mit den Models zu fokussieren.<\/span><\/p>\n<h2><b>Ein starkes Bild schaffen<\/b><\/h2>\n<p><span style=\"font-weight: 400;\">Mich reizt in erster Linie ein Gesicht oder eine Art der Bewegung. F\u00fcr dieses Projekt habe ich die Leute angefragt, die genauso an das Projekt glauben wie ich. Ich finde es super, wenn <\/span><span style=\"font-weight: 400;\">die Menschen sich in ihrem Selbstbewusstsein frei f\u00fchlen und mit diesem Gef\u00fchl ein starkes Bild schaffen<\/span><span style=\"font-weight: 400;\">. Frei von dem Bed\u00fcrfnis attraktiv oder verf\u00fchrerisch wirken zu m\u00fcssen.<\/span><\/p>\n<h2><b>Auf Licht bauen<\/b><\/h2>\n<p><span style=\"font-weight: 400;\">Ich baue meine Bilder anhand des verf\u00fcgbaren Lichts auf. Mein Studio hilft mir in dieser Umgebung etwas Ungew\u00f6hnliches zu kreieren. Die reflektierenden Oberfl\u00e4chen war der Anfang, danach folgte die blaue Serie. Letztere h\u00e4tte lediglich ein Test sein sollen, aber ich entschied mich weiterzumachen und Cl\u00e9mence Lavinge half mir das Licht weiterzuentwickeln. Trotzdem tritt <\/span><span style=\"font-weight: 400;\">die Technik in den Hintergrund, sobald das Model ins Spiel kommt<\/span><span style=\"font-weight: 400;\">. Ab diesem Zeitpunkt lasse ich mich vom Prozess leiten und sehe, was die Menschen mir von ihnen weitergeben m\u00f6chten.<\/span><\/p>\n<h2><b>Was kommt als n\u00e4chstes?<\/b><\/h2>\n<p><span style=\"font-weight: 400;\">Dieses Projekt ist eines meiner intimsten Werke. Ich schaffe gerne Fotoserien, die aufeinander aufbauen. Deshalb w\u00fcrde ich diese Serie gerne weiterf\u00fchren: mit mehr Spiegeln, bekannten und unbekannten Menschen. <\/span><\/p>\n<p><br \/><br \/><\/p>\n<h2>\u00a0<\/h2>\n        <\/div>\n    <\/div>\n<\/div>\n<div class=\"row\">\n  <div class=\"col-6 col-md-6 d-flex flex-column p-0\">\n    <img decoding=\"async\" class=\"w-100 flex-fill\" src=\"https:\/\/guestbook-magazine.eu\/wp-content\/uploads\/IMG_8567-5.jpg\" alt=\"\">\n    <div class=\"imageDesc\"><\/div>\n  <\/div>\n  <div class=\"col-6 col-md-6 d-flex flex-column p-0\">\n    <img decoding=\"async\" class=\"w-100 flex-fill\" src=\"https:\/\/guestbook-magazine.eu\/wp-content\/uploads\/IMG_8566-3.jpg\" alt=\"\">\n    <div class=\"imageDesc top\"><\/div>\n  <\/div>\n<\/div>\n<div class=\"row\">\n  <div class=\"col-12\">\n    \n  <\/div>\n<\/div>\n<div class=\"row\">\n  <div class=\"col-12 p-0\">\n    <img decoding=\"async\" class=\"w-100\" src=\"https:\/\/guestbook-magazine.eu\/wp-content\/uploads\/IMG_8568.gif\" alt=\"\">\n    <div class=\"imageDesc fullWidth\"><\/div>\n  <\/div>\n<\/div>\n<div class=\"row\">\n  <div class=\"col-6 col-md-6 d-flex flex-column p-0\">\n    <img decoding=\"async\" class=\"w-100 flex-fill\" src=\"https:\/\/guestbook-magazine.eu\/wp-content\/uploads\/Bildschirmfoto-2020-03-06-um-09.41.36-2-7.png\" alt=\"\">\n    <div class=\"imageDesc\"><\/div>\n  <\/div>\n  <div class=\"col-6 col-md-6 d-flex flex-column p-0\">\n    <img decoding=\"async\" class=\"w-100 flex-fill\" src=\"https:\/\/guestbook-magazine.eu\/wp-content\/uploads\/Bildschirmfoto-2021-03-22-um-16.59.09-2.png\" alt=\"\">\n    <div class=\"imageDesc top\"><\/div>\n  <\/div>\n<\/div>\n<div class=\"row\">\n    <div class=\"col-md-6 col-12 p-0\" style=\"border-left: 1px solid black; border-bottom: 1px solid black\">\n      <img decoding=\"async\" class=\"w-100 img-fluid\" src=\"https:\/\/guestbook-magazine.eu\/wp-content\/uploads\/IMG_8565-6.jpeg\" alt=\"\">\n      <div class=\"imageDesc\"><\/div>\n    <\/div>\n    \t<div class=\"col-md-6 col-12 p-0 h-100\">\n        <div class=\"thirdTextArea align-self-center mb-4\">\n          <div class=\"row\">\n        \t  <div class=\"col-6 col-md-6 offset-md-3 offset-3 px-4\">\n          \t\t<div class=\"portrait\">\n          \t\t  <img decoding=\"async\" class=\"w-100 img-fluid\" src=\"https:\/\/guestbook-magazine.eu\/wp-content\/uploads\/Caroline-Senecal-by-Maxime-Sicard-1-scaled.jpg\" alt=\"\">\n          \t\t  <p class=\"small text-right\"><\/p>\n          \t\t<\/div>\n          \t\t<div class=\"infoText pt-2\">\n          \t\t  <p><span style=\"font-weight: 400;\">Caroline S\u00e9n\u00e9cal wurde 1994 in der Normandie geboren<\/span><span style=\"font-weight: 400;\">. Sie l<\/span><span style=\"font-weight: 400;\">ebt und arbeitet in Paris.<\/span><\/p>\n          \t\t<\/div>\n          \t\t<div class=\"links pt-2\">\n          \t\t  <p>Foto: <a href=\"https:\/\/www.instagram.com\/maximescrd\/\" target=\"_blank\" rel=\"noopener\">Maxime Sicard<\/a><\/p>\n<p><a href=\"https:\/\/www.carolinesenecal.com\/carolinesncal\" target=\"_blank\" rel=\"noopener\">Caroline S\u00e9n\u00e9cal<\/a><br \/><a href=\"https:\/\/www.instagram.com\/_carolinesenecal\/?hl=de\" target=\"_blank\" rel=\"noopener\">@_carolinesenecal<\/a><\/p>\n          \t\t<\/div>\n          \t<\/div>\n        <\/div>\n    <\/div>\n<\/div>\n\n<style>\n.authorNames {\n  position: absolute;\n  width: 100%;\n  text-align: right;\n  top: 75px;\n  right: 0;\n  padding-right: 20px;\n}\n.firstText {\n  padding-left:31px; \n  padding-right:33%; \n  padding-top:15px; \n  border-top: 1px solid black;\n}\n.secondText {\n  padding-right:120px; \n  padding-left:15px; \n  padding-top:15px\n}\n.thirdText {\n  padding:15px;\n  margin-left: 15px;\n}\n.portrait {\n  margin-top: 150px;\n}\n.wp-block-lazyblock-enable-language-switcher {\n  top: 180px;\n}\n.imageDesc {\n  position: absolute;\n  padding: 0 40px;\n  bottom: 0;\n  color: #FFFFFF;\n}\n.imageDesc.top {\n  top: 0;\n  padding-top: 15px;\n  bottom: inherit;\n}\n.imageDesc.fullWidth {\n  left: 0;\n  width: 50%;\n}\n@media (max-width: 768px) {\n  .firstText {\n    padding-top: 40px !important;\n  }\n  .firstText, .secondText {\n    padding: 15px; \n  }\n  .thirdText {\n    margin-left: 0px;\n  }\n  .authorNames {\n    top: 67px;\n    font-size: .9rem;\n  }\n}\n<\/style><\/div>\n\n<div class=\"lazyblock-enable-language-switcher-Z2isxdl wp-block-lazyblock-enable-language-switcher\"><div class=\"trp_language_switcher_shortcode\">\n<div class=\"trp-language-switcher trp-language-switcher-container\" data-no-translation >\n    <div class=\"trp-ls-shortcode-current-language\">\n        <a href=\"#\" class=\"trp-ls-shortcode-disabled-language trp-ls-disabled-language\" title=\"English\" onclick=\"event.preventDefault()\">\n\t\t\t English\t\t<\/a>\n    <\/div>\n    <div class=\"trp-ls-shortcode-language\">\n                <a href=\"#\" class=\"trp-ls-shortcode-disabled-language trp-ls-disabled-language\"  title=\"English\" onclick=\"event.preventDefault()\">\n\t\t\t English\t\t<\/a>\n                    <a href=\"https:\/\/guestbook-magazine.eu\/en\/wp-json\/wp\/v2\/posts\/2431#TRPLINKPROCESSED\" title=\"German\">\n             German        <\/a>\n\n        <\/div>\n    <script type=\"application\/javascript\">\n        \/\/ need to have the same with set from JS on both divs. Otherwise it can push stuff around in HTML\n        var trp_ls_shortcodes = document.querySelectorAll('.trp_language_switcher_shortcode .trp-language-switcher');\n        if ( trp_ls_shortcodes.length > 0) {\n            \/\/ get the last language switcher added\n            var trp_el = trp_ls_shortcodes[trp_ls_shortcodes.length - 1];\n\n            var trp_shortcode_language_item = trp_el.querySelector( '.trp-ls-shortcode-language' )\n            \/\/ set width\n            var trp_ls_shortcode_width                                               = trp_shortcode_language_item.offsetWidth + 16;\n            trp_shortcode_language_item.style.width                                  = trp_ls_shortcode_width + 'px';\n            trp_el.querySelector( '.trp-ls-shortcode-current-language' ).style.width = trp_ls_shortcode_width + 'px';\n\n            \/\/ We're putting this on display: none after we have its width.\n            trp_shortcode_language_item.style.display = 'none';\n        }\n    <\/script>\n<\/div>\n<\/div><\/div>\n\n\n<p><\/p>\n","protected":false},"excerpt":{"rendered":"","protected":false},"author":2,"featured_media":2434,"comment_status":"closed","ping_status":"closed","sticky":false,"template":"single-post-full-width.php","format":"standard","meta":{"footnotes":""},"categories":[36,1],"tags":[],"coauthors":[83,81],"class_list":["post-2431","post","type-post","status-publish","format-standard","has-post-thumbnail","hentry","category-opera-lab","category-watch"],"_links":{"self":[{"href":"https:\/\/guestbook-magazine.eu\/en\/wp-json\/wp\/v2\/posts\/2431","targetHints":{"allow":["GET"]}}],"collection":[{"href":"https:\/\/guestbook-magazine.eu\/en\/wp-json\/wp\/v2\/posts"}],"about":[{"href":"https:\/\/guestbook-magazine.eu\/en\/wp-json\/wp\/v2\/types\/post"}],"author":[{"embeddable":true,"href":"https:\/\/guestbook-magazine.eu\/en\/wp-json\/wp\/v2\/users\/2"}],"replies":[{"embeddable":true,"href":"https:\/\/guestbook-magazine.eu\/en\/wp-json\/wp\/v2\/comments?post=2431"}],"version-history":[{"count":23,"href":"https:\/\/guestbook-magazine.eu\/en\/wp-json\/wp\/v2\/posts\/2431\/revisions"}],"predecessor-version":[{"id":2612,"href":"https:\/\/guestbook-magazine.eu\/en\/wp-json\/wp\/v2\/posts\/2431\/revisions\/2612"}],"wp:featuredmedia":[{"embeddable":true,"href":"https:\/\/guestbook-magazine.eu\/en\/wp-json\/wp\/v2\/media\/2434"}],"wp:attachment":[{"href":"https:\/\/guestbook-magazine.eu\/en\/wp-json\/wp\/v2\/media?parent=2431"}],"wp:term":[{"taxonomy":"category","embeddable":true,"href":"https:\/\/guestbook-magazine.eu\/en\/wp-json\/wp\/v2\/categories?post=2431"},{"taxonomy":"post_tag","embeddable":true,"href":"https:\/\/guestbook-magazine.eu\/en\/wp-json\/wp\/v2\/tags?post=2431"},{"taxonomy":"author","embeddable":true,"href":"https:\/\/guestbook-magazine.eu\/en\/wp-json\/wp\/v2\/coauthors?post=2431"}],"curies":[{"name":"wp","href":"https:\/\/api.w.org\/{rel}","templated":true}]}}